{"id":251,"date":"2022-06-08T17:40:39","date_gmt":"2022-06-08T15:40:39","guid":{"rendered":"https:\/\/lachevrea2becs.fr\/?p=251"},"modified":"2022-06-08T17:40:39","modified_gmt":"2022-06-08T15:40:39","slug":"vindumois","status":"publish","type":"post","link":"https:\/\/lachevrea2becs.fr\/index.php\/2022\/06\/08\/vindumois\/","title":{"rendered":"Le vin du mois arrive !"},"content":{"rendered":"\n<p>Bonjour \u00e0 vous! Une petite nouveaut\u00e9 \u00e0 la boutique, nous allons vous proposer \u00ab\u00a0un vin du mois\u00a0\u00bb (nouveaut\u00e9 ou pas) sur lequel nous ferons une op\u00e9ration commerciale pour vous permettre de go\u00fbter et pourquoi pas d&rsquo;en stocker quelques bouteilles \u00e0 un prix plus attractif. <\/p>\n\n\n\n<p>Pour ce mois de Juin, nous commen\u00e7ons avec une nouveaut\u00e9, un domaine sur La Clape, le Ch\u00e2teau Pech-C\u00e9leyran. Vous pourrez d\u00e9couvrir un vin blanc (IGP, 100% Chardonnay) et un vin rouge \u00ab\u00a0Les M\u00fbriers\u00a0\u00bb (IGP, 70% Marsellan, 30% Merlot)! Equilibre, gourmandise et fra\u00eecheur&#8230; Des vins \u00e0 petits prix et \u00e0 grand plaisir de partage!<\/p>\n\n\n\n<p>Belle d\u00e9couverte \u00e0 vous!<\/p>\n\n\n\n<p><\/p>\n","protected":false},"excerpt":{"rendered":"<p>Bonjour \u00e0 vous! Une petite nouveaut\u00e9 \u00e0 la boutique, nous allons vous proposer \u00ab\u00a0un vin du mois\u00a0\u00bb (nouveaut\u00e9 ou pas) sur lequel nous ferons une op\u00e9ration commerciale pour vous permettre de go\u00fbter et pourquoi pas d&rsquo;en stocker quelques bouteilles \u00e0 un prix plus attractif&#8230;.<\/p>\n","protected":false},"author":1,"featured_media":0,"comment_status":"open","ping_status":"open","sticky":false,"template":"","format":"standard","meta":{"footnotes":""},"categories":[7,6,3],"tags":[],"class_list":["post-251","post","type-post","status-publish","format-standard","hentry","category-boutique","category-evenement","category-vigneron"],"_links":{"self":[{"href":"https:\/\/lachevrea2becs.fr\/index.php\/wp-json\/wp\/v2\/posts\/251","targetHints":{"allow":["GET"]}}],"collection":[{"href":"https:\/\/lachevrea2becs.fr\/index.php\/wp-json\/wp\/v2\/posts"}],"about":[{"href":"https:\/\/lachevrea2becs.fr\/index.php\/wp-json\/wp\/v2\/types\/post"}],"author":[{"embeddable":true,"href":"https:\/\/lachevrea2becs.fr\/index.php\/wp-json\/wp\/v2\/users\/1"}],"replies":[{"embeddable":true,"href":"https:\/\/lachevrea2becs.fr\/index.php\/wp-json\/wp\/v2\/comments?post=251"}],"version-history":[{"count":2,"href":"https:\/\/lachevrea2becs.fr\/index.php\/wp-json\/wp\/v2\/posts\/251\/revisions"}],"predecessor-version":[{"id":253,"href":"https:\/\/lachevrea2becs.fr\/index.php\/wp-json\/wp\/v2\/posts\/251\/revisions\/253"}],"wp:attachment":[{"href":"https:\/\/lachevrea2becs.fr\/index.php\/wp-json\/wp\/v2\/media?parent=251"}],"wp:term":[{"taxonomy":"category","embeddable":true,"href":"https:\/\/lachevrea2becs.fr\/index.php\/wp-json\/wp\/v2\/categories?post=251"},{"taxonomy":"post_tag","embeddable":true,"href":"https:\/\/lachevrea2becs.fr\/index.php\/wp-json\/wp\/v2\/tags?post=251"}],"curies":[{"name":"wp","href":"https:\/\/api.w.org\/{rel}","templated":true}]}}