{"id":283,"date":"2022-11-10T11:10:56","date_gmt":"2022-11-10T10:10:56","guid":{"rendered":"https:\/\/lachevrea2becs.fr\/?p=283"},"modified":"2022-11-10T11:10:56","modified_gmt":"2022-11-10T10:10:56","slug":"languedoc-tour-2022","status":"publish","type":"post","link":"https:\/\/lachevrea2becs.fr\/index.php\/2022\/11\/10\/languedoc-tour-2022\/","title":{"rendered":"Languedoc Tour 2022!"},"content":{"rendered":"\n<figure class=\"wp-block-image size-large\"><img loading=\"lazy\" decoding=\"async\" width=\"1024\" height=\"536\" src=\"https:\/\/lachevrea2becs.fr\/wp-content\/uploads\/2022\/11\/2.1.LT-Toulouse_Flyer-Facebook-recto-1200x628-1-1024x536.png\" alt=\"\" class=\"wp-image-284\" srcset=\"https:\/\/lachevrea2becs.fr\/wp-content\/uploads\/2022\/11\/2.1.LT-Toulouse_Flyer-Facebook-recto-1200x628-1-1024x536.png 1024w, https:\/\/lachevrea2becs.fr\/wp-content\/uploads\/2022\/11\/2.1.LT-Toulouse_Flyer-Facebook-recto-1200x628-1-300x157.png 300w, https:\/\/lachevrea2becs.fr\/wp-content\/uploads\/2022\/11\/2.1.LT-Toulouse_Flyer-Facebook-recto-1200x628-1-768x402.png 768w, https:\/\/lachevrea2becs.fr\/wp-content\/uploads\/2022\/11\/2.1.LT-Toulouse_Flyer-Facebook-recto-1200x628-1-640x335.png 640w, https:\/\/lachevrea2becs.fr\/wp-content\/uploads\/2022\/11\/2.1.LT-Toulouse_Flyer-Facebook-recto-1200x628-1.png 1200w\" sizes=\"auto, (max-width: 1024px) 100vw, 1024px\" \/><figcaption class=\"wp-element-caption\">Languedoc Tour 2022 \u00e0 Toulouse et \u00e0 La ch\u00e8vre \u00e0 deux becs!<\/figcaption><\/figure>\n\n\n\n<p>Ev\u00e8nement \u00e0 la boutique <strong>le mercredi 16 novembre 2022 de 16h00 \u00e0 19h00<\/strong>. Dans le cadre du Languedoc Tour 2022 nous mettrons en avant des vignerons que nous aimons particuli\u00e8rement \u00e0 la boutique! Ils viendront vous faire go\u00fbter leurs vins mais il y aura \u00e9galement <strong>des hu\u00eetres<\/strong> et <strong>des jambons ib\u00e9riques<\/strong> \u00e0 d\u00e9couvrir pour l&rsquo;occasion. Concernant les vignerons, seront pr\u00e9sents :<\/p>\n\n\n\n<ul class=\"wp-block-list\">\n<li>Le <strong>Domaine Bernatas<\/strong> (Limoux)<\/li>\n\n\n\n<li>Le <strong>Domaine Gibert<\/strong> &#8211; Pipistrelles (Limoux)<\/li>\n\n\n\n<li><strong>Le Mas de Mon P\u00e8re<\/strong> (Malep\u00e8re)<\/li>\n<\/ul>\n\n\n\n<p>Venez passer un bon moment avec nous !!!<\/p>\n","protected":false},"excerpt":{"rendered":"<p>Ev\u00e8nement \u00e0 la boutique le mercredi 16 novembre 2022 de 16h00 \u00e0 19h00. Dans le cadre du Languedoc Tour 2022 nous mettrons en avant des vignerons que nous aimons particuli\u00e8rement \u00e0 la boutique! Ils viendront vous faire go\u00fbter leurs vins mais il y aura&#8230;<\/p>\n","protected":false},"author":1,"featured_media":0,"comment_status":"open","ping_status":"open","sticky":false,"template":"","format":"standard","meta":{"footnotes":""},"categories":[7,6],"tags":[],"class_list":["post-283","post","type-post","status-publish","format-standard","hentry","category-boutique","category-evenement"],"_links":{"self":[{"href":"https:\/\/lachevrea2becs.fr\/index.php\/wp-json\/wp\/v2\/posts\/283","targetHints":{"allow":["GET"]}}],"collection":[{"href":"https:\/\/lachevrea2becs.fr\/index.php\/wp-json\/wp\/v2\/posts"}],"about":[{"href":"https:\/\/lachevrea2becs.fr\/index.php\/wp-json\/wp\/v2\/types\/post"}],"author":[{"embeddable":true,"href":"https:\/\/lachevrea2becs.fr\/index.php\/wp-json\/wp\/v2\/users\/1"}],"replies":[{"embeddable":true,"href":"https:\/\/lachevrea2becs.fr\/index.php\/wp-json\/wp\/v2\/comments?post=283"}],"version-history":[{"count":1,"href":"https:\/\/lachevrea2becs.fr\/index.php\/wp-json\/wp\/v2\/posts\/283\/revisions"}],"predecessor-version":[{"id":285,"href":"https:\/\/lachevrea2becs.fr\/index.php\/wp-json\/wp\/v2\/posts\/283\/revisions\/285"}],"wp:attachment":[{"href":"https:\/\/lachevrea2becs.fr\/index.php\/wp-json\/wp\/v2\/media?parent=283"}],"wp:term":[{"taxonomy":"category","embeddable":true,"href":"https:\/\/lachevrea2becs.fr\/index.php\/wp-json\/wp\/v2\/categories?post=283"},{"taxonomy":"post_tag","embeddable":true,"href":"https:\/\/lachevrea2becs.fr\/index.php\/wp-json\/wp\/v2\/tags?post=283"}],"curies":[{"name":"wp","href":"https:\/\/api.w.org\/{rel}","templated":true}]}}