{"id":436,"date":"2024-05-25T11:17:22","date_gmt":"2024-05-25T09:17:22","guid":{"rendered":"https:\/\/lachevrea2becs.fr\/?p=436"},"modified":"2024-09-02T13:11:45","modified_gmt":"2024-09-02T11:11:45","slug":"agenda-juin-2024","status":"publish","type":"post","link":"https:\/\/lachevrea2becs.fr\/index.php\/2024\/05\/25\/agenda-juin-2024\/","title":{"rendered":"AGENDA JUIN 2024"},"content":{"rendered":"\n<figure class=\"wp-block-table\"><table class=\"has-fixed-layout\"><tbody><tr><td><mark><strong><mark>Dimanche 26.05<\/mark><\/strong><\/mark><\/td><td><strong><mark><strong><mark><strong><mark>F\u00eate des M\u00e8res<\/mark><\/strong><\/mark><\/strong><\/mark><\/strong><\/td><\/tr><tr><td><strong><mark><strong><mark>Samedi 01.06<\/mark><\/strong><\/mark><\/strong><\/td><td><strong><mark><strong><s>Ev\u00e8nement \u00e0 la boutique<\/s><\/strong> <strong>Report\u00e9<\/strong><\/mark><\/strong><\/td><\/tr><tr><td><strong><mark>Mardi 11.06<\/mark><\/strong><br>Avant 12h00<\/td><td><strong><mark><strong>Commande produits laitiers frais&nbsp;<em>Belle Miss\u2019Terre<\/em><\/strong>&nbsp;<\/mark><\/strong><br>(pour une livraison le 19\/06)&nbsp;<em><strong><a href=\"https:\/\/lachevrea2becs.fr\/wp-content\/uploads\/2022\/04\/BELLE-MISS-TERRE-PRODUITS.pdf\" target=\"_blank\" rel=\"noreferrer noopener\">-&gt; Liste des produits<\/a><\/strong><\/em><\/td><\/tr><tr><td><strong><mark>Dimanche 16.06<\/mark><\/strong><\/td><td><strong><mark>F\u00eate des P\u00e8res<\/mark><\/strong><\/td><\/tr><tr><td><strong>Samedi 22.06<\/strong><\/td><td><strong>F\u00eate de la musique<\/strong> sur la place de l&rsquo;\u00e9glise<\/td><\/tr><tr><td><strong><mark>28, 29 &amp; 30 JUIN<\/mark><\/strong><\/td><td><strong><mark>FERMETURE EXCEPTIONNELLE<\/mark><\/strong><\/td><\/tr><\/tbody><\/table><\/figure>\n","protected":false},"excerpt":{"rendered":"<p>Dimanche 26.05 F\u00eate des M\u00e8res Samedi 01.06 Ev\u00e8nement \u00e0 la boutique Report\u00e9 Mardi 11.06Avant 12h00 Commande produits laitiers frais&nbsp;Belle Miss\u2019Terre&nbsp;(pour une livraison le 19\/06)&nbsp;-&gt; Liste des produits Dimanche 16.06 F\u00eate des P\u00e8res Samedi 22.06 F\u00eate de la musique sur la place de l&rsquo;\u00e9glise 28,&#8230;<\/p>\n","protected":false},"author":1,"featured_media":0,"comment_status":"open","ping_status":"open","sticky":false,"template":"","format":"standard","meta":{"footnotes":""},"categories":[1],"tags":[],"class_list":["post-436","post","type-post","status-publish","format-standard","hentry","category-non-classe"],"_links":{"self":[{"href":"https:\/\/lachevrea2becs.fr\/index.php\/wp-json\/wp\/v2\/posts\/436","targetHints":{"allow":["GET"]}}],"collection":[{"href":"https:\/\/lachevrea2becs.fr\/index.php\/wp-json\/wp\/v2\/posts"}],"about":[{"href":"https:\/\/lachevrea2becs.fr\/index.php\/wp-json\/wp\/v2\/types\/post"}],"author":[{"embeddable":true,"href":"https:\/\/lachevrea2becs.fr\/index.php\/wp-json\/wp\/v2\/users\/1"}],"replies":[{"embeddable":true,"href":"https:\/\/lachevrea2becs.fr\/index.php\/wp-json\/wp\/v2\/comments?post=436"}],"version-history":[{"count":7,"href":"https:\/\/lachevrea2becs.fr\/index.php\/wp-json\/wp\/v2\/posts\/436\/revisions"}],"predecessor-version":[{"id":459,"href":"https:\/\/lachevrea2becs.fr\/index.php\/wp-json\/wp\/v2\/posts\/436\/revisions\/459"}],"wp:attachment":[{"href":"https:\/\/lachevrea2becs.fr\/index.php\/wp-json\/wp\/v2\/media?parent=436"}],"wp:term":[{"taxonomy":"category","embeddable":true,"href":"https:\/\/lachevrea2becs.fr\/index.php\/wp-json\/wp\/v2\/categories?post=436"},{"taxonomy":"post_tag","embeddable":true,"href":"https:\/\/lachevrea2becs.fr\/index.php\/wp-json\/wp\/v2\/tags?post=436"}],"curies":[{"name":"wp","href":"https:\/\/api.w.org\/{rel}","templated":true}]}}