{"id":589,"date":"2026-01-22T16:38:08","date_gmt":"2026-01-22T15:38:08","guid":{"rendered":"https:\/\/lachevrea2becs.fr\/?p=589"},"modified":"2026-03-06T17:30:47","modified_gmt":"2026-03-06T16:30:47","slug":"agenda-debut-2026","status":"publish","type":"post","link":"https:\/\/lachevrea2becs.fr\/index.php\/2026\/01\/22\/agenda-debut-2026\/","title":{"rendered":"AGENDA D\u00e9but 2026"},"content":{"rendered":"\n<figure class=\"wp-block-table\"><table><tbody><tr><td><strong><mark style=\"background-color:rgba(0, 0, 0, 0)\" class=\"has-inline-color has-vivid-red-color\">MARDI 03.02.2026<br>MERCREDI 04.02.2026<\/mark><\/strong><\/td><td><strong><mark style=\"background-color:rgba(0, 0, 0, 0)\" class=\"has-inline-color has-vivid-red-color\">FERMETURE SALONS PROFESSIONNELS<\/mark><\/strong><br><strong><mark style=\"background-color:rgba(0, 0, 0, 0)\" class=\"has-inline-color has-vivid-green-cyan-color\">R\u00e9ouverture le jeudi 05 f\u00e9vrier \u00e0 10h00<\/mark><\/strong><\/td><\/tr><tr><td><strong><mark style=\"background-color:rgba(0, 0, 0, 0)\" class=\"has-inline-color has-vivid-green-cyan-color\">MARDI 17.02.2026<\/mark><\/strong><br>avant 12h00<\/td><td><strong><mark style=\"background-color:rgba(0, 0, 0, 0)\" class=\"has-inline-color has-vivid-green-cyan-color\">Commande produits laitiers frais&nbsp;Belle Miss\u2019Terre<\/mark><\/strong>&nbsp;(livraison le 25\/02)<br>&nbsp;<a href=\"https:\/\/lachevrea2becs.fr\/wp-content\/uploads\/2025\/09\/BELLE-MISS-TERRE-AFFICHE-PRODUITS.pdf\" target=\"_blank\" rel=\"noreferrer noopener\">-&gt; Liste des produits<\/a><\/td><\/tr><tr><td><strong><mark style=\"background-color:rgba(0, 0, 0, 0)\" class=\"has-inline-color has-luminous-vivid-orange-color\">DU MARDI 03.03.2026<br>AU SAMEDI 21.03.2026<\/mark><\/strong><\/td><td><mark style=\"background-color:rgba(0, 0, 0, 0)\" class=\"has-inline-color has-luminous-vivid-orange-color\"><strong>PROMOS<\/strong> : D\u00e9stockage avant inventaire.<\/mark> Plus de 200 r\u00e9f\u00e9rences remis\u00e9es.<\/td><\/tr><tr><td><strong><mark style=\"background-color:rgba(0, 0, 0, 0)\" class=\"has-inline-color has-vivid-red-color\">DU MARDI 24.03.2026<br>AU LUNDI 06.04.2026 inclus<\/mark><\/strong><\/td><td><strong><mark style=\"background-color:rgba(0, 0, 0, 0)\" class=\"has-inline-color has-vivid-red-color\">FERMETURE POUR CONGES<\/mark><\/strong><br><mark style=\"background-color:rgba(0, 0, 0, 0);color:#08ae71\" class=\"has-inline-color\"><strong>R\u00e9ouverture le mardi 07 avril \u00e0 10h00<\/strong><\/mark><\/td><\/tr><\/tbody><\/table><\/figure>\n\n\n\n<p><strong><mark style=\"background-color:rgba(0, 0, 0, 0)\" class=\"has-inline-color has-luminous-vivid-amber-color\">Une tr\u00e8s b\u00ea\u00ea\u00ea\u00ealle et heureuse ann\u00e9e \u00e0 vous !<\/mark><\/strong><\/p>\n\n\n\n<p><\/p>\n","protected":false},"excerpt":{"rendered":"<p>MARDI 03.02.2026MERCREDI 04.02.2026 FERMETURE SALONS PROFESSIONNELSR\u00e9ouverture le jeudi 05 f\u00e9vrier \u00e0 10h00 MARDI 17.02.2026avant 12h00 Commande produits laitiers frais&nbsp;Belle Miss\u2019Terre&nbsp;(livraison le 25\/02)&nbsp;-&gt; Liste des produits DU MARDI 03.03.2026AU SAMEDI 21.03.2026 PROMOS : D\u00e9stockage avant inventaire. Plus de 200 r\u00e9f\u00e9rences remis\u00e9es. DU MARDI 24.03.2026AU LUNDI&#8230;<\/p>\n","protected":false},"author":1,"featured_media":0,"comment_status":"open","ping_status":"open","sticky":false,"template":"","format":"standard","meta":{"footnotes":""},"categories":[1],"tags":[],"class_list":["post-589","post","type-post","status-publish","format-standard","hentry","category-non-classe"],"_links":{"self":[{"href":"https:\/\/lachevrea2becs.fr\/index.php\/wp-json\/wp\/v2\/posts\/589","targetHints":{"allow":["GET"]}}],"collection":[{"href":"https:\/\/lachevrea2becs.fr\/index.php\/wp-json\/wp\/v2\/posts"}],"about":[{"href":"https:\/\/lachevrea2becs.fr\/index.php\/wp-json\/wp\/v2\/types\/post"}],"author":[{"embeddable":true,"href":"https:\/\/lachevrea2becs.fr\/index.php\/wp-json\/wp\/v2\/users\/1"}],"replies":[{"embeddable":true,"href":"https:\/\/lachevrea2becs.fr\/index.php\/wp-json\/wp\/v2\/comments?post=589"}],"version-history":[{"count":6,"href":"https:\/\/lachevrea2becs.fr\/index.php\/wp-json\/wp\/v2\/posts\/589\/revisions"}],"predecessor-version":[{"id":599,"href":"https:\/\/lachevrea2becs.fr\/index.php\/wp-json\/wp\/v2\/posts\/589\/revisions\/599"}],"wp:attachment":[{"href":"https:\/\/lachevrea2becs.fr\/index.php\/wp-json\/wp\/v2\/media?parent=589"}],"wp:term":[{"taxonomy":"category","embeddable":true,"href":"https:\/\/lachevrea2becs.fr\/index.php\/wp-json\/wp\/v2\/categories?post=589"},{"taxonomy":"post_tag","embeddable":true,"href":"https:\/\/lachevrea2becs.fr\/index.php\/wp-json\/wp\/v2\/tags?post=589"}],"curies":[{"name":"wp","href":"https:\/\/api.w.org\/{rel}","templated":true}]}}