{"id":63,"date":"2019-07-17T09:29:06","date_gmt":"2019-07-17T07:29:06","guid":{"rendered":"http:\/\/lachevrea2becs.fr\/?p=63"},"modified":"2019-07-23T17:54:14","modified_gmt":"2019-07-23T15:54:14","slug":"en-travaux","status":"publish","type":"post","link":"https:\/\/lachevrea2becs.fr\/index.php\/2019\/07\/17\/en-travaux\/","title":{"rendered":"En travaux&#8230;"},"content":{"rendered":"\n<p>Les travaux ont commenc\u00e9 en ce d\u00e9but de mois de Juillet 2019 mais avant de vous montrer les transformations apport\u00e9es, voici un \u00e9tat des lieux une fois le local vid\u00e9&#8230;<\/p>\n\n\n\n<figure class=\"wp-block-image\"><img loading=\"lazy\" decoding=\"async\" width=\"1024\" height=\"588\" src=\"https:\/\/lachevrea2becs.fr\/wp-content\/uploads\/2019\/07\/20190629_132432-1024x588.jpg\" alt=\"\" class=\"wp-image-64\" srcset=\"https:\/\/lachevrea2becs.fr\/wp-content\/uploads\/2019\/07\/20190629_132432-1024x588.jpg 1024w, https:\/\/lachevrea2becs.fr\/wp-content\/uploads\/2019\/07\/20190629_132432-300x172.jpg 300w, https:\/\/lachevrea2becs.fr\/wp-content\/uploads\/2019\/07\/20190629_132432-768x441.jpg 768w, https:\/\/lachevrea2becs.fr\/wp-content\/uploads\/2019\/07\/20190629_132432-640x367.jpg 640w\" sizes=\"auto, (max-width: 1024px) 100vw, 1024px\" \/><\/figure>\n\n\n\n<figure class=\"wp-block-image\"><img loading=\"lazy\" decoding=\"async\" width=\"1024\" height=\"495\" src=\"https:\/\/lachevrea2becs.fr\/wp-content\/uploads\/2019\/07\/20190629_132506-1024x495.jpg\" alt=\"\" class=\"wp-image-65\" srcset=\"https:\/\/lachevrea2becs.fr\/wp-content\/uploads\/2019\/07\/20190629_132506-1024x495.jpg 1024w, https:\/\/lachevrea2becs.fr\/wp-content\/uploads\/2019\/07\/20190629_132506-300x145.jpg 300w, https:\/\/lachevrea2becs.fr\/wp-content\/uploads\/2019\/07\/20190629_132506-768x371.jpg 768w, https:\/\/lachevrea2becs.fr\/wp-content\/uploads\/2019\/07\/20190629_132506-640x309.jpg 640w\" sizes=\"auto, (max-width: 1024px) 100vw, 1024px\" \/><\/figure>\n\n\n\n<figure class=\"wp-block-image\"><img loading=\"lazy\" decoding=\"async\" width=\"1024\" height=\"613\" src=\"https:\/\/lachevrea2becs.fr\/wp-content\/uploads\/2019\/07\/20190629_132540-1024x613.jpg\" alt=\"\" class=\"wp-image-66\" srcset=\"https:\/\/lachevrea2becs.fr\/wp-content\/uploads\/2019\/07\/20190629_132540-1024x613.jpg 1024w, https:\/\/lachevrea2becs.fr\/wp-content\/uploads\/2019\/07\/20190629_132540-300x180.jpg 300w, https:\/\/lachevrea2becs.fr\/wp-content\/uploads\/2019\/07\/20190629_132540-768x460.jpg 768w, https:\/\/lachevrea2becs.fr\/wp-content\/uploads\/2019\/07\/20190629_132540-640x383.jpg 640w\" sizes=\"auto, (max-width: 1024px) 100vw, 1024px\" \/><\/figure>\n","protected":false},"excerpt":{"rendered":"<p>Les travaux ont commenc\u00e9 en ce d\u00e9but de mois de Juillet 2019 mais avant de vous montrer les transformations apport\u00e9es, voici un \u00e9tat des lieux une fois le local vid\u00e9&#8230;<\/p>\n","protected":false},"author":1,"featured_media":0,"comment_status":"open","ping_status":"open","sticky":false,"template":"","format":"standard","meta":{"footnotes":""},"categories":[7],"tags":[],"class_list":["post-63","post","type-post","status-publish","format-standard","hentry","category-boutique"],"_links":{"self":[{"href":"https:\/\/lachevrea2becs.fr\/index.php\/wp-json\/wp\/v2\/posts\/63","targetHints":{"allow":["GET"]}}],"collection":[{"href":"https:\/\/lachevrea2becs.fr\/index.php\/wp-json\/wp\/v2\/posts"}],"about":[{"href":"https:\/\/lachevrea2becs.fr\/index.php\/wp-json\/wp\/v2\/types\/post"}],"author":[{"embeddable":true,"href":"https:\/\/lachevrea2becs.fr\/index.php\/wp-json\/wp\/v2\/users\/1"}],"replies":[{"embeddable":true,"href":"https:\/\/lachevrea2becs.fr\/index.php\/wp-json\/wp\/v2\/comments?post=63"}],"version-history":[{"count":2,"href":"https:\/\/lachevrea2becs.fr\/index.php\/wp-json\/wp\/v2\/posts\/63\/revisions"}],"predecessor-version":[{"id":70,"href":"https:\/\/lachevrea2becs.fr\/index.php\/wp-json\/wp\/v2\/posts\/63\/revisions\/70"}],"wp:attachment":[{"href":"https:\/\/lachevrea2becs.fr\/index.php\/wp-json\/wp\/v2\/media?parent=63"}],"wp:term":[{"taxonomy":"category","embeddable":true,"href":"https:\/\/lachevrea2becs.fr\/index.php\/wp-json\/wp\/v2\/categories?post=63"},{"taxonomy":"post_tag","embeddable":true,"href":"https:\/\/lachevrea2becs.fr\/index.php\/wp-json\/wp\/v2\/tags?post=63"}],"curies":[{"name":"wp","href":"https:\/\/api.w.org\/{rel}","templated":true}]}}